{"id":9165,"date":"2026-08-28T22:52:33","date_gmt":"2026-08-28T22:52:33","guid":{"rendered":"https:\/\/revisaonews.com.br\/?p=9165"},"modified":"2026-08-28T22:53:29","modified_gmt":"2026-08-28T22:53:29","slug":"operacao-policial-prende-suspeito-de-homicidio-em-feira-de-santana","status":"publish","type":"post","link":"https:\/\/revisaonews.com.br\/?p=9165","title":{"rendered":"Opera\u00e7\u00e3o policial prende suspeito de homic\u00eddio em Feira de Santana"},"content":{"rendered":"\n<p>Um homem, de 28 anos, foi preso na manh\u00e3 desta sexta-feira (28), no bairro Tomba, em Feira de Santana, durante a Opera\u00e7\u00e3o Sepulcrum. Contra ele havia um mandado de pris\u00e3o preventiva pelo homic\u00eddio de Murilo Gomes Gon\u00e7alves, de 20 anos. A v\u00edtima estava desaparecida e foi encontrada morta posteriormente, em uma \u00e1rea rural de S\u00e3o Gon\u00e7alo dos Campos, em julho deste ano.<br>\u00c0 \u00e9poca dos fatos, Murilo foi visto pela \u00faltima vez ao sair da resid\u00eancia de um familiar, no mesmo bairro, no dia 29 de junho. As investiga\u00e7\u00f5es apontaram que a v\u00edtima foi capturada por integrantes de um grupo criminoso e morta por determina\u00e7\u00e3o de uma lideran\u00e7a criminosa, que j\u00e1 se encontra no sistema penitenci\u00e1rio. Ap\u00f3s receber voz de pris\u00e3o, o suspeito foi encaminhado \u00e0 unidade policial, onde passou pelos procedimentos legais de praxe e permanece custodiado, \u00e0 disposi\u00e7\u00e3o da Justi\u00e7a.<br>Durante a opera\u00e7\u00e3o, tamb\u00e9m foram cumpridos cinco mandados de busca e apreens\u00e3o. Foram apreendidos aparelhos celulares e outros dispositivos eletr\u00f4nicos, que ser\u00e3o encaminhados \u00e0 per\u00edcia e poder\u00e3o auxiliar no curso das investiga\u00e7\u00f5es, que continuam com o objetivo de localizar e prender outros investigados por participa\u00e7\u00e3o no crime.<br>A Opera\u00e7\u00e3o Sepulcrum mobilizou mais de 50 policiais civis. Participaram equipes das 1\u00aa e 2\u00aa Delegacias Territoriais de Feira de Santana e unidades especializadas, como a Delegacia de Homic\u00eddios (DH), a Delegacia de T\u00f3xicos e Entorpecentes (DTE) e a Delegacia de Repress\u00e3o a Furtos e Roubos de Cargas em Rodovias (DECARGA), al\u00e9m das demais equipes vinculadas \u00e0 1\u00aa Coordenadoria Regional de Pol\u00edcia do Interior (1\u00aa COORPIN\/Feira de Santana).<\/p>\n\n\n\n<p>Tr\u00eas homens acusados de homic\u00eddio s\u00e3o presos pela pol\u00edcia<\/p>\n\n\n\n<p>Civil em Maragogipe<\/p>\n\n\n\n<p>Tr\u00eas homens, de 24, 20 e 19 anos, foram presos pela Pol\u00edcia Civil na manh\u00e3 desta sexta-feira (28), em Maragogipe, em cumprimento a mandados de pris\u00e3o preventiva pelos crimes de tr\u00e1fico de drogas e homic\u00eddio. Eles s\u00e3o investigados pela morte de Luiz Beline Bai\u00e3o de Oliveira Segundo, de 47 anos.<br>De acordo com os registros policiais, o crime ocorreu em dezembro de 2024. A v\u00edtima foi encaminhada para uma unidade hospitalar ap\u00f3s ser agredida fisicamente durante uma discuss\u00e3o em uma pra\u00e7a, no Centro da cidade, mas n\u00e3o resistiu aos ferimentos.<br>Durante as dilig\u00eancias, um dos suspeitos tamb\u00e9m foi autuado em flagrante pelo crime de posse ilegal de arma de fogo, ap\u00f3s uma pistola, um carregador e muni\u00e7\u00f5es serem encontrados na resid\u00eancia. Conforme as investiga\u00e7\u00f5es, os tr\u00eas suspeitos integram uma organiza\u00e7\u00e3o criminosa com atua\u00e7\u00e3o em Maragogipe e munic\u00edpios vizinhos.<br>A a\u00e7\u00e3o foi realizada por meio da Delegacia Territorial (DT\/Maragogipe) e do Grupo de Apoio T\u00e1tico e T\u00e9cnico \u00e0 Investiga\u00e7\u00e3o (GATTI\/Leste), juntamente com a 85\u00aa Companhia Independente de Pol\u00edcia Militar (85\u00aa CIPM), no \u00e2mbito da Opera\u00e7\u00e3o Malhas da Lei, que tem como objetivo localizar e prender foragidos da Justi\u00e7a em todo o estado.<\/p>\n\n\n\n<p><\/p>\n\n\n\n<p>Fonte e foto Ascom<\/p>\n","protected":false},"excerpt":{"rendered":"<p>Um homem, de 28 anos, foi preso na manh\u00e3 desta sexta-feira (28), no bairro Tomba, em Feira de Santana, durante a Opera\u00e7\u00e3o Sepulcrum. Contra ele havia um mandado de pris\u00e3o preventiva pelo homic\u00eddio de Murilo Gomes Gon\u00e7alves, de 20 anos. A v\u00edtima estava desaparecida e foi encontrada morta posteriormente, em uma \u00e1rea rural de S\u00e3o &hellip;<\/p>\n","protected":false},"author":4,"featured_media":9167,"comment_status":"open","ping_status":"open","sticky":false,"template":"","format":"standard","meta":[],"categories":[25],"tags":[],"_links":{"self":[{"href":"https:\/\/revisaonews.com.br\/index.php?rest_route=\/wp\/v2\/posts\/9165"}],"collection":[{"href":"https:\/\/revisaonews.com.br\/index.php?rest_route=\/wp\/v2\/posts"}],"about":[{"href":"https:\/\/revisaonews.com.br\/index.php?rest_route=\/wp\/v2\/types\/post"}],"author":[{"embeddable":true,"href":"https:\/\/revisaonews.com.br\/index.php?rest_route=\/wp\/v2\/users\/4"}],"replies":[{"embeddable":true,"href":"https:\/\/revisaonews.com.br\/index.php?rest_route=%2Fwp%2Fv2%2Fcomments&post=9165"}],"version-history":[{"count":1,"href":"https:\/\/revisaonews.com.br\/index.php?rest_route=\/wp\/v2\/posts\/9165\/revisions"}],"predecessor-version":[{"id":9166,"href":"https:\/\/revisaonews.com.br\/index.php?rest_route=\/wp\/v2\/posts\/9165\/revisions\/9166"}],"wp:featuredmedia":[{"embeddable":true,"href":"https:\/\/revisaonews.com.br\/index.php?rest_route=\/wp\/v2\/media\/9167"}],"wp:attachment":[{"href":"https:\/\/revisaonews.com.br\/index.php?rest_route=%2Fwp%2Fv2%2Fmedia&parent=9165"}],"wp:term":[{"taxonomy":"category","embeddable":true,"href":"https:\/\/revisaonews.com.br\/index.php?rest_route=%2Fwp%2Fv2%2Fcategories&post=9165"},{"taxonomy":"post_tag","embeddable":true,"href":"https:\/\/revisaonews.com.br\/index.php?rest_route=%2Fwp%2Fv2%2Ftags&post=9165"}],"curies":[{"name":"wp","href":"https:\/\/api.w.org\/{rel}","templated":true}]}}