{"id":9168,"date":"2026-09-01T23:01:20","date_gmt":"2026-09-01T23:01:20","guid":{"rendered":"https:\/\/revisaonews.com.br\/?p=9168"},"modified":"2026-09-01T23:01:21","modified_gmt":"2026-09-01T23:01:21","slug":"suspeito-e-preso-por-trafico-de-drogas-em-anguera","status":"publish","type":"post","link":"https:\/\/revisaonews.com.br\/?p=9168","title":{"rendered":"Suspeito \u00e9 preso por tr\u00e1fico de drogas em Anguera"},"content":{"rendered":"\n<p>Na resid\u00eancia do investigado foram encontradas por\u00e7\u00f5es de entorpecentes, al\u00e9m de balan\u00e7a e materiais utilizados para acondicionamento de drogas; C\u00e2meras de videomonitoramento foram localizadas em \u00e1rea pr\u00f3xima<br>Durante mais uma fase da Opera\u00e7\u00e3o Vale da Paz, deflagrada neste s\u00e1bado (29) por equipes da Delegacia Territorial (DT\/Anguera), um suspeito, de 35 anos, foi autuado em flagrante por tr\u00e1fico de drogas. Na resid\u00eancia do investigado, foram localizadas por\u00e7\u00f5es de coca\u00edna, uma balan\u00e7a e materiais utilizados para o acondicionamento de entorpecentes.<br>C\u00e2meras de videomonitoramento clandestinas, instaladas em postes da rede p\u00fablica, tamb\u00e9m foram identificadas e removidas durante a opera\u00e7\u00e3o. A a\u00e7\u00e3o teve ainda como objetivo o cumprimento de um mandado de pris\u00e3o contra outro investigado pelo mesmo crime, que n\u00e3o foi localizado no endere\u00e7o. As dilig\u00eancias seguem em andamento para localizar o foragido.<br>O flagranteado foi conduzido \u00e0 unidade policial e, ap\u00f3s a ado\u00e7\u00e3o das provid\u00eancias cab\u00edveis, permaneceu \u00e0 disposi\u00e7\u00e3o do Poder Judici\u00e1rio. O material apreendido ser\u00e1 encaminhado para per\u00edcia.<br>A Opera\u00e7\u00e3o Vale da Paz \u00e9 uma a\u00e7\u00e3o cont\u00ednua desenvolvida em conjunto pela Delegacia Territorial (DT\/Anguera) e pela Delegacia de Repress\u00e3o a Furtos e Roubos (DRFR\/Feira de Santana), unidade vinculada ao Departamento Especializado de Investiga\u00e7\u00f5es Criminais (DEIC). A iniciativa concentra esfor\u00e7os no enfrentamento ao tr\u00e1fico de drogas, aos crimes patrimoniais e aos crimes contra a vida no munic\u00edpio de Anguera.<\/p>\n\n\n\n<p><\/p>\n\n\n\n<p>Fonte e foto Ascom <\/p>\n","protected":false},"excerpt":{"rendered":"<p>Na resid\u00eancia do investigado foram encontradas por\u00e7\u00f5es de entorpecentes, al\u00e9m de balan\u00e7a e materiais utilizados para acondicionamento de drogas; C\u00e2meras de videomonitoramento foram localizadas em \u00e1rea pr\u00f3ximaDurante mais uma fase da Opera\u00e7\u00e3o Vale da Paz, deflagrada neste s\u00e1bado (29) por equipes da Delegacia Territorial (DT\/Anguera), um suspeito, de 35 anos, foi autuado em flagrante por &hellip;<\/p>\n","protected":false},"author":4,"featured_media":9169,"comment_status":"open","ping_status":"open","sticky":false,"template":"","format":"standard","meta":[],"categories":[25],"tags":[],"_links":{"self":[{"href":"https:\/\/revisaonews.com.br\/index.php?rest_route=\/wp\/v2\/posts\/9168"}],"collection":[{"href":"https:\/\/revisaonews.com.br\/index.php?rest_route=\/wp\/v2\/posts"}],"about":[{"href":"https:\/\/revisaonews.com.br\/index.php?rest_route=\/wp\/v2\/types\/post"}],"author":[{"embeddable":true,"href":"https:\/\/revisaonews.com.br\/index.php?rest_route=\/wp\/v2\/users\/4"}],"replies":[{"embeddable":true,"href":"https:\/\/revisaonews.com.br\/index.php?rest_route=%2Fwp%2Fv2%2Fcomments&post=9168"}],"version-history":[{"count":1,"href":"https:\/\/revisaonews.com.br\/index.php?rest_route=\/wp\/v2\/posts\/9168\/revisions"}],"predecessor-version":[{"id":9170,"href":"https:\/\/revisaonews.com.br\/index.php?rest_route=\/wp\/v2\/posts\/9168\/revisions\/9170"}],"wp:featuredmedia":[{"embeddable":true,"href":"https:\/\/revisaonews.com.br\/index.php?rest_route=\/wp\/v2\/media\/9169"}],"wp:attachment":[{"href":"https:\/\/revisaonews.com.br\/index.php?rest_route=%2Fwp%2Fv2%2Fmedia&parent=9168"}],"wp:term":[{"taxonomy":"category","embeddable":true,"href":"https:\/\/revisaonews.com.br\/index.php?rest_route=%2Fwp%2Fv2%2Fcategories&post=9168"},{"taxonomy":"post_tag","embeddable":true,"href":"https:\/\/revisaonews.com.br\/index.php?rest_route=%2Fwp%2Fv2%2Ftags&post=9168"}],"curies":[{"name":"wp","href":"https:\/\/api.w.org\/{rel}","templated":true}]}}