{"id":9171,"date":"2026-09-01T23:08:37","date_gmt":"2026-09-01T23:08:37","guid":{"rendered":"https:\/\/revisaonews.com.br\/?p=9171"},"modified":"2026-09-01T23:08:47","modified_gmt":"2026-09-01T23:08:47","slug":"vacina-contra-herpes-zoster-no-sus-e-apravada-pelo-senado","status":"publish","type":"post","link":"https:\/\/revisaonews.com.br\/?p=9171","title":{"rendered":"Vacina contra herpes-z\u00f3ster no SUS \u00e9 apravada pelo Senado"},"content":{"rendered":"\n<p>Projeto que prev\u00ea vacina contra herpes-z\u00f3ster no SUS vai \u00e0 C\u00e2maraA Comiss\u00e3o de Assuntos Sociais (CAS) do Senado aprovou por unanimidade, nesta ter\u00e7a-feira (1\u00ba), a inclus\u00e3o da vacina contra herpes-z\u00f3ster no calend\u00e1rio nacional de imuniza\u00e7\u00e3o do Sistema \u00danico de Sa\u00fade (SUS). O p\u00fablico previsto no projeto de lei s\u00e3o os maiores de 50 anos e menores de 18 anos com sistema imunol\u00f3gico comprometido. O texto ainda precisar\u00e1 ser confirmado em um turno suplementar na comiss\u00e3o.<br>A relatora do Projeto de Lei (PL) 4.426\/2025, senadora Damares Alves (Republicanos-DF), afirmou que o impacto da doen\u00e7a na sociedade tende a aumentar em raz\u00e3o do envelhecimento da popula\u00e7\u00e3o. Ela afirmou que j\u00e1 sofreu com a doen\u00e7a em 2023.<br>\u2014 O meu rosto ficou paralisado. \u00c9 uma doen\u00e7a que d\u00f3i muito&nbsp;\u2014 relatou.&nbsp;<br>Damares manteve o texto aprovado na Comiss\u00e3o de Direitos Humanos (CDH). Trata-se de um substitutivo (vers\u00e3o alternativa) da senadora Mara Gabrilli (PSD-SP) ao texto original, da senadora Dra. Eud\u00f3cia (PSDB-AL).<br>O herpes-z\u00f3ster \u00e9 causado pelo mesmo v\u00edrus da catapora. Ap\u00f3s a infec\u00e7\u00e3o inicial, pode ficar adormecido durante anos e ser reativado em adultos ou em pessoas que t\u00eam o sistema imunol\u00f3gico comprometido. A doen\u00e7a provoca les\u00f5es na pele, geralmente precedidas por sintomas como dor nos nervos, ardor e coceira, dor de cabe\u00e7a, formigamento e febre.<br>C\u00e2ncer infantojuvenil<br>A CAS aprovou audi\u00eancia p\u00fablica com especialistas sobre o c\u00e2ncer infantojuvenil, com o tema \u201cTempo \u00e9 Vida\u201d. O pedido foi protocolado por Damares Alves (Republicanos-DF).<\/p>\n\n\n\n<p>Fonte Ag\u00eancia Senado<\/p>\n\n\n\n<p>Foto Geraldo Magela<\/p>\n","protected":false},"excerpt":{"rendered":"<p>Projeto que prev\u00ea vacina contra herpes-z\u00f3ster no SUS vai \u00e0 C\u00e2maraA Comiss\u00e3o de Assuntos Sociais (CAS) do Senado aprovou por unanimidade, nesta ter\u00e7a-feira (1\u00ba), a inclus\u00e3o da vacina contra herpes-z\u00f3ster no calend\u00e1rio nacional de imuniza\u00e7\u00e3o do Sistema \u00danico de Sa\u00fade (SUS). O p\u00fablico previsto no projeto de lei s\u00e3o os maiores de 50 anos e &hellip;<\/p>\n","protected":false},"author":4,"featured_media":0,"comment_status":"open","ping_status":"open","sticky":false,"template":"","format":"standard","meta":[],"categories":[31],"tags":[],"_links":{"self":[{"href":"https:\/\/revisaonews.com.br\/index.php?rest_route=\/wp\/v2\/posts\/9171"}],"collection":[{"href":"https:\/\/revisaonews.com.br\/index.php?rest_route=\/wp\/v2\/posts"}],"about":[{"href":"https:\/\/revisaonews.com.br\/index.php?rest_route=\/wp\/v2\/types\/post"}],"author":[{"embeddable":true,"href":"https:\/\/revisaonews.com.br\/index.php?rest_route=\/wp\/v2\/users\/4"}],"replies":[{"embeddable":true,"href":"https:\/\/revisaonews.com.br\/index.php?rest_route=%2Fwp%2Fv2%2Fcomments&post=9171"}],"version-history":[{"count":1,"href":"https:\/\/revisaonews.com.br\/index.php?rest_route=\/wp\/v2\/posts\/9171\/revisions"}],"predecessor-version":[{"id":9172,"href":"https:\/\/revisaonews.com.br\/index.php?rest_route=\/wp\/v2\/posts\/9171\/revisions\/9172"}],"wp:attachment":[{"href":"https:\/\/revisaonews.com.br\/index.php?rest_route=%2Fwp%2Fv2%2Fmedia&parent=9171"}],"wp:term":[{"taxonomy":"category","embeddable":true,"href":"https:\/\/revisaonews.com.br\/index.php?rest_route=%2Fwp%2Fv2%2Fcategories&post=9171"},{"taxonomy":"post_tag","embeddable":true,"href":"https:\/\/revisaonews.com.br\/index.php?rest_route=%2Fwp%2Fv2%2Ftags&post=9171"}],"curies":[{"name":"wp","href":"https:\/\/api.w.org\/{rel}","templated":true}]}}