{"id":9177,"date":"2026-09-02T23:23:31","date_gmt":"2026-09-02T23:23:31","guid":{"rendered":"https:\/\/revisaonews.com.br\/?p=9177"},"modified":"2026-09-02T23:23:32","modified_gmt":"2026-09-02T23:23:32","slug":"suspeito-de-homicidio-em-xique-xique-e-preso-em-sao-paulo","status":"publish","type":"post","link":"https:\/\/revisaonews.com.br\/?p=9177","title":{"rendered":"Suspeito de homic\u00eddio em Xique-Xique \u00e9 preso em S\u00e3o Paulo"},"content":{"rendered":"\n<p>Um homem, de 28 anos, foi preso durante uma a\u00e7\u00e3o integrada entre as Pol\u00edcias Civis da Bahia e de S\u00e3o Paulo, na segunda-feira (31), no bairro Sacom\u00e3, na capital paulista. Ele \u00e9 investigado pelo homic\u00eddio de Eliecy Pereira Tarrao Junior, de 45 anos, ocorrido em 27 de julho de 2025, na cidade de Xique-Xique.<br>De acordo com as investiga\u00e7\u00f5es, o crime ocorreu no bairro Santa Marta, quando o suspeito desceu de um ve\u00edculo e efetuou disparos de arma de fogo contra a v\u00edtima, que estava em frente a um com\u00e9rcio da cidade. Em seguida, ele fugiu do local.<br>Ap\u00f3s o compartilhamento de informa\u00e7\u00f5es entre as equipes das duas institui\u00e7\u00f5es, o homem foi localizado por policiais civis de S\u00e3o Paulo, que cumpriram o mandado de pris\u00e3o expedido pela Justi\u00e7a baiana.<br>A a\u00e7\u00e3o aconteceu durante a primeira edi\u00e7\u00e3o da Opera\u00e7\u00e3o Projeto Capturas, iniciativa do Minist\u00e9rio da Justi\u00e7a e Seguran\u00e7a P\u00fablica voltada \u00e0 intensifica\u00e7\u00e3o das a\u00e7\u00f5es de localiza\u00e7\u00e3o e cumprimento de mandados judiciais de pris\u00e3o. O suspeito foi encaminhado para os procedimentos de pol\u00edcia judici\u00e1ria e segue custodiado, \u00e0 disposi\u00e7\u00e3o da Justi\u00e7a.<\/p>\n\n\n\n<p><\/p>\n\n\n\n<p>Fonte e foto  Ascom<\/p>\n","protected":false},"excerpt":{"rendered":"<p>Um homem, de 28 anos, foi preso durante uma a\u00e7\u00e3o integrada entre as Pol\u00edcias Civis da Bahia e de S\u00e3o Paulo, na segunda-feira (31), no bairro Sacom\u00e3, na capital paulista. Ele \u00e9 investigado pelo homic\u00eddio de Eliecy Pereira Tarrao Junior, de 45 anos, ocorrido em 27 de julho de 2025, na cidade de Xique-Xique.De acordo &hellip;<\/p>\n","protected":false},"author":4,"featured_media":9178,"comment_status":"open","ping_status":"open","sticky":false,"template":"","format":"standard","meta":[],"categories":[25],"tags":[],"_links":{"self":[{"href":"https:\/\/revisaonews.com.br\/index.php?rest_route=\/wp\/v2\/posts\/9177"}],"collection":[{"href":"https:\/\/revisaonews.com.br\/index.php?rest_route=\/wp\/v2\/posts"}],"about":[{"href":"https:\/\/revisaonews.com.br\/index.php?rest_route=\/wp\/v2\/types\/post"}],"author":[{"embeddable":true,"href":"https:\/\/revisaonews.com.br\/index.php?rest_route=\/wp\/v2\/users\/4"}],"replies":[{"embeddable":true,"href":"https:\/\/revisaonews.com.br\/index.php?rest_route=%2Fwp%2Fv2%2Fcomments&post=9177"}],"version-history":[{"count":1,"href":"https:\/\/revisaonews.com.br\/index.php?rest_route=\/wp\/v2\/posts\/9177\/revisions"}],"predecessor-version":[{"id":9179,"href":"https:\/\/revisaonews.com.br\/index.php?rest_route=\/wp\/v2\/posts\/9177\/revisions\/9179"}],"wp:featuredmedia":[{"embeddable":true,"href":"https:\/\/revisaonews.com.br\/index.php?rest_route=\/wp\/v2\/media\/9178"}],"wp:attachment":[{"href":"https:\/\/revisaonews.com.br\/index.php?rest_route=%2Fwp%2Fv2%2Fmedia&parent=9177"}],"wp:term":[{"taxonomy":"category","embeddable":true,"href":"https:\/\/revisaonews.com.br\/index.php?rest_route=%2Fwp%2Fv2%2Fcategories&post=9177"},{"taxonomy":"post_tag","embeddable":true,"href":"https:\/\/revisaonews.com.br\/index.php?rest_route=%2Fwp%2Fv2%2Ftags&post=9177"}],"curies":[{"name":"wp","href":"https:\/\/api.w.org\/{rel}","templated":true}]}}