{"id":9186,"date":"2026-09-03T23:30:10","date_gmt":"2026-09-03T23:30:10","guid":{"rendered":"https:\/\/revisaonews.com.br\/?p=9186"},"modified":"2026-09-03T23:30:10","modified_gmt":"2026-09-03T23:30:10","slug":"suspeito-de-tentativa-de-homicidio-no-espirito-santo-e-preso-na-bahia","status":"publish","type":"post","link":"https:\/\/revisaonews.com.br\/?p=9186","title":{"rendered":"Suspeito de tentativa de homic\u00eddio no Esp\u00edrito Santo \u00e9 preso na Bahia"},"content":{"rendered":"\n<p>Um homem, de 53 anos, investigado pelo crime de tentativa de homic\u00eddio, foi preso nesta quinta-feira (3), durante uma a\u00e7\u00e3o conjunta entre as Pol\u00edcias Civis da Bahia e do Esp\u00edrito Santo, no \u00e2mbito da Opera\u00e7\u00e3o Malhas da Lei, na zona rural de Seabra. O suspeito estava foragido havia quase 18 anos.<br>De acordo com as investiga\u00e7\u00f5es, o crime aconteceu no dia 15 de dezembro de 2008, na cidade de Manten\u00f3polis, no Esp\u00edrito Santo, quando o investigado efetuou disparos de arma de fogo contra a v\u00edtima. Ainda conforme apurado, o crime foi motivado por uma disputa entre grupos criminosos rivais ligados ao tr\u00e1fico de drogas na regi\u00e3o.<br>O foragido usava uma identidade falsa desde 2009. Ap\u00f3s o cruzamento de dados cadastrais e biom\u00e9tricos, a Pol\u00edcia Civil confirmou sua identidade e o mandado de pris\u00e3o foi reexpedido pela Vara Criminal de Manten\u00f3polis (ES).<br>Durante as dilig\u00eancias, foi constatado que o homem estava trabalhando em Seabra, onde foi localizado e preso. Ele foi conduzido \u00e0 unidade policial para a ado\u00e7\u00e3o das medidas cab\u00edveis e permanece \u00e0 disposi\u00e7\u00e3o da Justi\u00e7a.<br>A a\u00e7\u00e3o foi realizada por equipes do Grupo de Apoio T\u00e9cnico e T\u00e1tico \u00e0 Investiga\u00e7\u00e3o (GATTI\/Diamantina), vinculado \u00e0 13\u00aa Coordenadoria Regional de Pol\u00edcia do Interior (13\u00aa COORPIN\/Seabra), em parceria com equipes da Delegacia de Pol\u00edcia de Manten\u00f3polis e do Centro de Intelig\u00eancia e An\u00e1lise Telem\u00e1tica do Esp\u00edrito Santo.<\/p>\n\n\n\n<p><\/p>\n\n\n\n<p>Fonte e foto Ascom<\/p>\n","protected":false},"excerpt":{"rendered":"<p>Um homem, de 53 anos, investigado pelo crime de tentativa de homic\u00eddio, foi preso nesta quinta-feira (3), durante uma a\u00e7\u00e3o conjunta entre as Pol\u00edcias Civis da Bahia e do Esp\u00edrito Santo, no \u00e2mbito da Opera\u00e7\u00e3o Malhas da Lei, na zona rural de Seabra. O suspeito estava foragido havia quase 18 anos.De acordo com as investiga\u00e7\u00f5es, &hellip;<\/p>\n","protected":false},"author":4,"featured_media":9187,"comment_status":"open","ping_status":"open","sticky":false,"template":"","format":"standard","meta":[],"categories":[25],"tags":[],"_links":{"self":[{"href":"https:\/\/revisaonews.com.br\/index.php?rest_route=\/wp\/v2\/posts\/9186"}],"collection":[{"href":"https:\/\/revisaonews.com.br\/index.php?rest_route=\/wp\/v2\/posts"}],"about":[{"href":"https:\/\/revisaonews.com.br\/index.php?rest_route=\/wp\/v2\/types\/post"}],"author":[{"embeddable":true,"href":"https:\/\/revisaonews.com.br\/index.php?rest_route=\/wp\/v2\/users\/4"}],"replies":[{"embeddable":true,"href":"https:\/\/revisaonews.com.br\/index.php?rest_route=%2Fwp%2Fv2%2Fcomments&post=9186"}],"version-history":[{"count":1,"href":"https:\/\/revisaonews.com.br\/index.php?rest_route=\/wp\/v2\/posts\/9186\/revisions"}],"predecessor-version":[{"id":9188,"href":"https:\/\/revisaonews.com.br\/index.php?rest_route=\/wp\/v2\/posts\/9186\/revisions\/9188"}],"wp:featuredmedia":[{"embeddable":true,"href":"https:\/\/revisaonews.com.br\/index.php?rest_route=\/wp\/v2\/media\/9187"}],"wp:attachment":[{"href":"https:\/\/revisaonews.com.br\/index.php?rest_route=%2Fwp%2Fv2%2Fmedia&parent=9186"}],"wp:term":[{"taxonomy":"category","embeddable":true,"href":"https:\/\/revisaonews.com.br\/index.php?rest_route=%2Fwp%2Fv2%2Fcategories&post=9186"},{"taxonomy":"post_tag","embeddable":true,"href":"https:\/\/revisaonews.com.br\/index.php?rest_route=%2Fwp%2Fv2%2Ftags&post=9186"}],"curies":[{"name":"wp","href":"https:\/\/api.w.org\/{rel}","templated":true}]}}